{"id":269,"date":"2021-11-19T15:08:00","date_gmt":"2021-11-19T15:08:00","guid":{"rendered":"https:\/\/frequency58.com\/f\/?p=269"},"modified":"2022-03-22T16:09:03","modified_gmt":"2022-03-22T16:09:03","slug":"review-on-venezuelas-sanctions-september-2021","status":"publish","type":"post","link":"https:\/\/frequency58.com\/f\/review-on-venezuelas-sanctions-september-2021\/","title":{"rendered":"Review on Venezuela&#8217;s sanctions September 2021"},"content":{"rendered":"\n<p class=\"has-black-color has-text-color wp-block-paragraph\">The perception of the sanctions imposed by some countries of the international community on Venezuela continues to polarize Venezuelans. <\/p>\n\n\n\n<p class=\"has-black-color has-text-color wp-block-paragraph\">In the most recent Frequency58 (Field: 20 to 28SEP21 | 1,050 samples | 95% reliability | Error \u00b12.5%) it was evidenced that there is an absolute polarization in relation to two consequences of the sanctions: a negotiation process, and the complex humanitarian crisis that the country is going through (that in this respect there are disparate visions in the perception of Venezuelans on whether they were caused by public policies and situations of corruption in the governments of Hugo Ch\u00e1vez and Nicol\u00e1s Maduro, or by the imposition of economic sanctions.<\/p>\n\n\n\n<p class=\"has-black-color has-text-color wp-block-paragraph\">The question asked was: <strong>How much do you agree or disagree with the following statements?<\/strong><\/p>\n\n\n\n<ol class=\"has-black-color has-text-color wp-block-list\"><li>The economic sanctions imposed by the international community have made Nicol\u00e1s Maduro sit down to negotiate with the opposition.<\/li><li>The economic sanctions imposed by the international community have generated a humanitarian crisis in the country.<\/li><\/ol>\n\n\n\n<div class=\"flourish-embed flourish-chart\" data-src=\"visualisation\/9087252\"><script src=\"https:\/\/public.flourish.studio\/resources\/embed.js\"><\/script><\/div>\n\n\n\n<p class=\"has-black-color has-text-color has-small-font-size wp-block-paragraph\"><strong>Sheet<\/strong>:<\/p>\n\n\n\n<p class=\"has-black-color has-text-color has-small-font-size wp-block-paragraph\"><strong>Sampling unit<\/strong>: Natural persons, both genders, over 18 years of age, registered in the CNE Electoral Registry.<\/p>\n\n\n\n<p class=\"has-black-color has-text-color has-small-font-size wp-block-paragraph\"><strong>No. of interviews<\/strong>: 1,050 interviews.<\/p>\n\n\n\n<p class=\"has-black-color has-text-color has-small-font-size wp-block-paragraph\"><strong>Data collection<\/strong>: September 20 to 28, 2021.<\/p>\n\n\n\n<p class=\"has-black-color has-text-color has-small-font-size wp-block-paragraph\"><strong>Level of accuracy<\/strong>: Sampling error estimated at \u00b12.5%, considering maximum variance and 95% confidence.<\/p>\n\n\n\n<p class=\"has-black-color has-text-color has-small-font-size wp-block-paragraph\"><strong>Sampling method<\/strong>: Systematic random with probability proportional to the number of telephone lines in the country.<\/p>\n\n\n\n<p class=\"has-black-color has-text-color has-small-font-size wp-block-paragraph\"><strong>Instrument<\/strong>: Telephone interview, based on structured questionnaire.<\/p>\n\n\n\n<p class=\"has-black-color has-text-color has-small-font-size wp-block-paragraph\"><strong>Regional quotas<\/strong>: Central Region (Miranda, Dtto. Capital, Carabobo, Aragua and La Guaira): 34%; Western Region (Zulia, Lara, T\u00e1chira, Falc\u00f3n, M\u00e9rida, Trujillo and Yaracuy): 34%; Eastern Region (Anzo\u00e1tegui, Sucre, Monagas and Nva. Esparta): 14%; Los Llanos Region (Portuguesa, Gu\u00e1rico, Barinas, Apure and Cojedes): 12%; Guayana Region (Bol\u00edvar, Amazonas and Delta Amacuro): 6%.<\/p>\n\n\n\n<p class=\"has-black-color has-text-color has-small-font-size wp-block-paragraph\"><strong>Gender<\/strong>: Women 52%; Men 48%.<\/p>\n","protected":false},"excerpt":{"rendered":"<p>The perception of the sanctions imposed by some countries of the international community on Venezuela continues to polarize Venezuelans. In the most recent Frequency58 (Field: 20 to 28SEP21 | 1,050 samples | 95% reliability | Error \u00b12.5%) it was evidenced that there is an absolute polarization in relation to two [&hellip;]<\/p>\n","protected":false},"author":3,"featured_media":180,"comment_status":"closed","ping_status":"closed","sticky":false,"template":"","format":"standard","meta":{"footnotes":""},"categories":[26,22],"tags":[78,18,79,73,80,19,49,68,21],"class_list":["post-269","post","type-post","status-publish","format-standard","has-post-thumbnail","hentry","category-politica","category-tendencias","tag-economy","tag-frequency58","tag-humanitarian-crisis","tag-interviews","tag-negotiations","tag-orc-consultores","tag-public-opinion","tag-sanctions","tag-venezuela"],"_links":{"self":[{"href":"https:\/\/frequency58.com\/f\/wp-json\/wp\/v2\/posts\/269","targetHints":{"allow":["GET"]}}],"collection":[{"href":"https:\/\/frequency58.com\/f\/wp-json\/wp\/v2\/posts"}],"about":[{"href":"https:\/\/frequency58.com\/f\/wp-json\/wp\/v2\/types\/post"}],"author":[{"embeddable":true,"href":"https:\/\/frequency58.com\/f\/wp-json\/wp\/v2\/users\/3"}],"replies":[{"embeddable":true,"href":"https:\/\/frequency58.com\/f\/wp-json\/wp\/v2\/comments?post=269"}],"version-history":[{"count":6,"href":"https:\/\/frequency58.com\/f\/wp-json\/wp\/v2\/posts\/269\/revisions"}],"predecessor-version":[{"id":294,"href":"https:\/\/frequency58.com\/f\/wp-json\/wp\/v2\/posts\/269\/revisions\/294"}],"wp:featuredmedia":[{"embeddable":true,"href":"https:\/\/frequency58.com\/f\/wp-json\/wp\/v2\/media\/180"}],"wp:attachment":[{"href":"https:\/\/frequency58.com\/f\/wp-json\/wp\/v2\/media?parent=269"}],"wp:term":[{"taxonomy":"category","embeddable":true,"href":"https:\/\/frequency58.com\/f\/wp-json\/wp\/v2\/categories?post=269"},{"taxonomy":"post_tag","embeddable":true,"href":"https:\/\/frequency58.com\/f\/wp-json\/wp\/v2\/tags?post=269"}],"curies":[{"name":"wp","href":"https:\/\/api.w.org\/{rel}","templated":true}]}}