{"id":391,"date":"2021-12-04T20:48:00","date_gmt":"2021-12-04T20:48:00","guid":{"rendered":"https:\/\/frequency58.com\/f\/?p=391"},"modified":"2022-03-30T17:37:44","modified_gmt":"2022-03-30T17:37:44","slug":"cuanta-confianza-tienen-los-venezolanos-en-los-medios-de-comunicacion","status":"publish","type":"post","link":"https:\/\/frequency58.com\/f\/cuanta-confianza-tienen-los-venezolanos-en-los-medios-de-comunicacion\/","title":{"rendered":"\u00bfCu\u00e1nta confianza tienen los venezolanos en los medios de comunicaci\u00f3n?"},"content":{"rendered":"\n<p class=\"has-black-color has-text-color wp-block-paragraph\">Desde en Frequency58, se hizo una encuesta para sondear la tendencia en el nivel de confianza de la poblaci\u00f3n en los medios de comunicaci\u00f3n. La pregunta seleccionada fue:&nbsp;<strong>\u00bfCu\u00e1nta confianza tiene Ud. en esta persona o instituci\u00f3n en su trabajo para lograr el bienestar de Venezuela?<\/strong>&nbsp;Las respuestas fueron medidas en: mucha confianza, algo de confianza, poca confianza, nada de confianza, no sabe y no contesta.<\/p>\n\n\n\n<p class=\"has-black-color has-text-color wp-block-paragraph\">Entre los resultados generales, podemos observar una tendencia polarizada con el 47% de la poblaci\u00f3n que tiene cierto nivel de confianza en los medios, frente al 49% que no los estiman.<\/p>\n\n\n\n<div class=\"flourish-embed flourish-chart\" data-src=\"visualisation\/9164953\"><script src=\"https:\/\/public.flourish.studio\/resources\/embed.js\"><\/script><\/div>\n\n\n\n<p class=\"has-black-color has-text-color wp-block-paragraph\">Al hacer un corte transversal a la poblaci\u00f3n encuestada, en cuanto a la generaci\u00f3n que pertenecen y su autodefinici\u00f3n pol\u00edtica, se obtuvieron los siguientes resultados:<\/p>\n\n\n\n<div class=\"flourish-embed flourish-chart\" data-src=\"visualisation\/9165078\"><script src=\"https:\/\/public.flourish.studio\/resources\/embed.js\"><\/script><\/div>\n\n\n\n<p class=\"has-black-color has-text-color wp-block-paragraph\">Entre las generaciones, son los miembros de la generaci\u00f3n silenciosa quienes m\u00e1s conf\u00edan en los medios con el 64,1% de los encuestados. Y son tambi\u00e9n los que menos desconf\u00edan con el 25%. Por otro lado, son los miembros de la generaci\u00f3n millennials los que menos conf\u00edan en los medios, con 43% de los encuestados.<\/p>\n\n\n\n<div class=\"flourish-embed flourish-chart\" data-src=\"visualisation\/9165196\"><script src=\"https:\/\/public.flourish.studio\/resources\/embed.js\"><\/script><\/div>\n\n\n\n<p class=\"has-black-color has-text-color wp-block-paragraph\">En cuanto a la posici\u00f3n pol\u00edtica, son aquellos que se ubican dentro del oficialismo quienes m\u00e1s dicen confiar en los medios de comunicaci\u00f3n, con 76,7%. Mientras que los no-alineados con 25,9%. As\u00ed mismo, son tambi\u00e9n los de esta generaci\u00f3n los que m\u00e1s desconf\u00edan, con el 68,1% de los encuestados.<\/p>\n\n\n\n<p class=\"has-black-color has-text-color has-small-font-size wp-block-paragraph\"><strong>Ficha t\u00e9cnica:<\/strong><\/p>\n\n\n\n<p class=\"has-black-color has-text-color has-small-font-size wp-block-paragraph\"><strong>Unidad de muestreo:<\/strong>&nbsp;Personas naturales, ambos g\u00e9neros, mayores de 18 a\u00f1os, inscritas en el Registro Electoral CNE.<\/p>\n\n\n\n<p class=\"has-black-color has-text-color has-small-font-size wp-block-paragraph\"><strong>Nro. de entrevistas:<\/strong>&nbsp;1.009 entrevistas.<\/p>\n\n\n\n<p class=\"has-black-color has-text-color has-small-font-size wp-block-paragraph\"><strong>Recolecci\u00f3n de datos:<\/strong>&nbsp;23 al 30 de noviembre 2021.<\/p>\n\n\n\n<p class=\"has-black-color has-text-color has-small-font-size wp-block-paragraph\"><strong>Nivel de precisi\u00f3n:<\/strong>&nbsp;Error muestral estimado en \u00b12,6%, considerando varianza m\u00e1xima y un 95% de confianza.<\/p>\n\n\n\n<p class=\"has-black-color has-text-color has-small-font-size wp-block-paragraph\"><strong>M\u00e9todo de muestreo:<\/strong>&nbsp;Aleatorio sistem\u00e1tico con probabilidad proporcional al nro. de l\u00edneas telef\u00f3nicas en el pa\u00eds.<\/p>\n\n\n\n<p class=\"has-black-color has-text-color has-small-font-size wp-block-paragraph\"><strong>Instrumento:<\/strong>&nbsp;Entrevista telef\u00f3nica, basada en cuestionario estructurado.<\/p>\n\n\n\n<p class=\"has-black-color has-text-color has-small-font-size wp-block-paragraph\"><strong>Cuotas regionales:<\/strong>&nbsp;Regi\u00f3n Central (Miranda, Dtto. Capital, Carabobo, Aragua y La Guaira): 34%; Regi\u00f3n Occidental (Zulia, Lara, T\u00e1chira, Falc\u00f3n, M\u00e9rida, Trujillo y Yaracuy): 34%; Regi\u00f3n Oriental (Anzo\u00e1tegui, Sucre, Monagas y Nva. Esparta): 14%; Regi\u00f3n Los Llanos (Portuguesa, Gu\u00e1rico, Barinas, Apure y Cojedes): 12%; Regi\u00f3n Guayana (Bol\u00edvar, Amazonas y Delta Amacuro): 6%.<\/p>\n\n\n\n<p class=\"has-black-color has-text-color has-small-font-size wp-block-paragraph\"><strong>G\u00e9nero:<\/strong>&nbsp;Mujeres 52%; Hombres 48%<\/p>\n\n\n\n<p class=\"has-black-color has-text-color has-small-font-size wp-block-paragraph\"><strong>Edades:<\/strong>&nbsp;Generaci\u00f3n Z (18-24) 11%; Generaci\u00f3n Y (25-40) 34%: Generaci\u00f3n X (41-55) 31%; Generaci\u00f3n Baby Boomers (56-75) 21%; Generaci\u00f3n Silent (+75) 3%.<\/p>\n","protected":false},"excerpt":{"rendered":"<p>Desde en Frequency58, se hizo una encuesta para sondear la tendencia en el nivel de confianza de la poblaci\u00f3n en los medios de comunicaci\u00f3n. La pregunta seleccionada fue:&nbsp;\u00bfCu\u00e1nta confianza tiene Ud. en esta persona o instituci\u00f3n en su trabajo para lograr el bienestar de Venezuela?&nbsp;Las respuestas fueron medidas en: mucha [&hellip;]<\/p>\n","protected":false},"author":3,"featured_media":397,"comment_status":"closed","ping_status":"closed","sticky":false,"template":"","format":"standard","meta":{"footnotes":""},"categories":[25,26,22],"tags":[29,39,18,98,40,19,46,21],"class_list":["post-391","post","type-post","status-publish","format-standard","has-post-thumbnail","hentry","category-instituciones","category-politica","category-tendencias","tag-confianza-en-instituciones","tag-encuestas","tag-frequency58","tag-instituciones","tag-opinion-publica","tag-orc-consultores","tag-sociedad-civil","tag-venezuela"],"_links":{"self":[{"href":"https:\/\/frequency58.com\/f\/wp-json\/wp\/v2\/posts\/391","targetHints":{"allow":["GET"]}}],"collection":[{"href":"https:\/\/frequency58.com\/f\/wp-json\/wp\/v2\/posts"}],"about":[{"href":"https:\/\/frequency58.com\/f\/wp-json\/wp\/v2\/types\/post"}],"author":[{"embeddable":true,"href":"https:\/\/frequency58.com\/f\/wp-json\/wp\/v2\/users\/3"}],"replies":[{"embeddable":true,"href":"https:\/\/frequency58.com\/f\/wp-json\/wp\/v2\/comments?post=391"}],"version-history":[{"count":8,"href":"https:\/\/frequency58.com\/f\/wp-json\/wp\/v2\/posts\/391\/revisions"}],"predecessor-version":[{"id":460,"href":"https:\/\/frequency58.com\/f\/wp-json\/wp\/v2\/posts\/391\/revisions\/460"}],"wp:featuredmedia":[{"embeddable":true,"href":"https:\/\/frequency58.com\/f\/wp-json\/wp\/v2\/media\/397"}],"wp:attachment":[{"href":"https:\/\/frequency58.com\/f\/wp-json\/wp\/v2\/media?parent=391"}],"wp:term":[{"taxonomy":"category","embeddable":true,"href":"https:\/\/frequency58.com\/f\/wp-json\/wp\/v2\/categories?post=391"},{"taxonomy":"post_tag","embeddable":true,"href":"https:\/\/frequency58.com\/f\/wp-json\/wp\/v2\/tags?post=391"}],"curies":[{"name":"wp","href":"https:\/\/api.w.org\/{rel}","templated":true}]}}